{"id":2233,"date":"2014-09-07T20:24:01","date_gmt":"2014-09-07T19:24:01","guid":{"rendered":"http:\/\/new.utcardagger.at\/wordpress\/?p=2233"},"modified":"2016-03-14T22:05:53","modified_gmt":"2016-03-14T21:05:53","slug":"historischer-aufstieg-in-ll","status":"publish","type":"post","link":"https:\/\/utcardagger.at\/wordpress\/historischer-aufstieg-in-ll\/","title":{"rendered":"Historischer Aufstieg in LL"},"content":{"rendered":"<p>Die <strong>1er-Tennis-Herren<\/strong> aus Ardagger jubelten am Wochenende gewaltig. Nach 28 Jahren Kreisliga schaffte das Herren-Team rund um Mannschafts-f\u00fchrer Sigi Haberhauer den <strong>historischen Aufstieg<\/strong> in die <strong>Tennis-Landesliga<\/strong>. \u201cWir haben jetzt mit unseren Freunden vom Fussball gleichgezogen, wo der SCU Ardagger ja schon seit Jahren in der Landesliga spielt\u201d, freute sich Haberhauer und macht vor allem die<strong> mannschaftliche Geschlossenheit<\/strong> des 7 k\u00f6pfigen Teams f\u00fcr den Erfolg verantwortlich. \u201cJeder kann jeden gleichwertig ersetzen und das macht uns gemeinsam so stark\u201d erg\u00e4nzt der Mannschaftsf\u00fchrer \u00fcber sein Team.<\/p>\n<p>Jetzt gilt es f\u00fcr die Tennisherren aus Ardagger, um den <strong>Klassenerhalt<\/strong> in der Landesliga zu k\u00e4mpfen. \u201cDas ist unser Ziel und das werden wir dann ab Beginn der n\u00e4chsten Meisterschaft im Mai 2015 verfolgen.\u201d f\u00fcgt Sigi Haberhauer auch noch ein Dankesch\u00f6n an: \u201cTennisopa Gabriel und Lydia Ebner haben uns jahrelang bei fast allen Spielen begleitet, haben f\u00fcr beste Platzbedingungen und mentale Unterst\u00fctzung gesorgt und auch unsere Erfolge und Niederlagen stets geteilt. Daf\u00fcr d\u00fcrfen wir ein riesen DANKESCH\u00d6N sagen.\u201d<\/p>\n<p>Im Fr\u00fchjahr freut sich das UTC-Herren-Team \u00fcbrigens auf viele Besucher und die k\u00f6nnen die Meisterschaft dann auch im Internet unter <a href=\"http:\/\/noetv-austria.liga.nu\">http:\/\/noetv-austria.liga.nu<\/a> mitverfolgen.<\/p>\n<p><em>Quelle: http:\/\/hannespressl.wordpress.com\/<\/em><\/p>\n","protected":false},"excerpt":{"rendered":"<p>Die 1er-Tennis-Herren aus Ardagger jubelten am Wochenende gewaltig. Nach 28 Jahren Kreisliga schaffte das Herren-Team rund um Mannschafts-f\u00fchrer Sigi Haberhauer den historischen Aufstieg in die Tennis-Landesliga. \u201cWir haben jetzt mit unseren Freunden vom Fussball gleichgezogen, wo der SCU Ardagger ja schon seit Jahren in der Landesliga spielt\u201d, freute sich Haberhauer [&hellip;]<\/p>\n","protected":false},"author":1,"featured_media":2234,"comment_status":"closed","ping_status":"open","sticky":false,"template":"","format":"standard","meta":{"_acf_changed":false,"footnotes":""},"categories":[5],"tags":[],"class_list":["post-2233","post","type-post","status-publish","format-standard","has-post-thumbnail","hentry","category-news"],"acf":[],"_links":{"self":[{"href":"https:\/\/utcardagger.at\/wordpress\/wp-json\/wp\/v2\/posts\/2233","targetHints":{"allow":["GET"]}}],"collection":[{"href":"https:\/\/utcardagger.at\/wordpress\/wp-json\/wp\/v2\/posts"}],"about":[{"href":"https:\/\/utcardagger.at\/wordpress\/wp-json\/wp\/v2\/types\/post"}],"author":[{"embeddable":true,"href":"https:\/\/utcardagger.at\/wordpress\/wp-json\/wp\/v2\/users\/1"}],"replies":[{"embeddable":true,"href":"https:\/\/utcardagger.at\/wordpress\/wp-json\/wp\/v2\/comments?post=2233"}],"version-history":[{"count":1,"href":"https:\/\/utcardagger.at\/wordpress\/wp-json\/wp\/v2\/posts\/2233\/revisions"}],"predecessor-version":[{"id":2235,"href":"https:\/\/utcardagger.at\/wordpress\/wp-json\/wp\/v2\/posts\/2233\/revisions\/2235"}],"wp:featuredmedia":[{"embeddable":true,"href":"https:\/\/utcardagger.at\/wordpress\/wp-json\/wp\/v2\/media\/2234"}],"wp:attachment":[{"href":"https:\/\/utcardagger.at\/wordpress\/wp-json\/wp\/v2\/media?parent=2233"}],"wp:term":[{"taxonomy":"category","embeddable":true,"href":"https:\/\/utcardagger.at\/wordpress\/wp-json\/wp\/v2\/categories?post=2233"},{"taxonomy":"post_tag","embeddable":true,"href":"https:\/\/utcardagger.at\/wordpress\/wp-json\/wp\/v2\/tags?post=2233"}],"curies":[{"name":"wp","href":"https:\/\/api.w.org\/{rel}","templated":true}]}}